{"id":998,"date":"2023-12-20T09:56:49","date_gmt":"2023-12-20T09:56:49","guid":{"rendered":"https:\/\/cocinayreposteria.es\/blog\/?p=998"},"modified":"2024-01-25T11:29:51","modified_gmt":"2024-01-25T11:29:51","slug":"receta-de-polvorones-de-almendra-caseros","status":"publish","type":"post","link":"https:\/\/cocinayreposteria.es\/blog\/receta-de-polvorones-de-almendra-caseros\/","title":{"rendered":"Receta de polvorones de almendra caseros: Una delicia navide\u00f1a"},"content":{"rendered":"\n[et_pb_section fb_built=\u00bb1&#8243; theme_builder_area=\u00bbpost_content\u00bb _builder_version=\u00bb4.23.1&#8243; _module_preset=\u00bbdefault\u00bb custom_padding=\u00bb2vh||2vh||true|false\u00bb custom_padding_tablet=\u00bb0vh||0vh||true|false\u00bb custom_padding_phone=\u00bb0vh||0vh||true|false\u00bb custom_padding_last_edited=\u00bbon|desktop\u00bb][et_pb_row _builder_version=\u00bb4.23.1&#8243; _module_preset=\u00bbdefault\u00bb theme_builder_area=\u00bbpost_content\u00bb][et_pb_column _builder_version=\u00bb4.23.1&#8243; _module_preset=\u00bbdefault\u00bb type=\u00bb4_4&#8243; theme_builder_area=\u00bbpost_content\u00bb][et_pb_text _builder_version=\u00bb4.23.1&#8243; _module_preset=\u00bbdefault\u00bb text_text_color=\u00bb#000000&#8243; text_font_size=\u00bb0.9vw\u00bb text_line_height=\u00bb2em\u00bb hover_enabled=\u00bb0&#8243; text_font_size_tablet=\u00bb3vw\u00bb text_font_size_phone=\u00bb5vw\u00bb text_font_size_last_edited=\u00bbon|phone\u00bb text_line_height_tablet=\u00bb2em\u00bb text_line_height_phone=\u00bb2em\u00bb text_line_height_last_edited=\u00bbon|desktop\u00bb locked=\u00bboff\u00bb global_colors_info=\u00bb{}\u00bb theme_builder_area=\u00bbpost_content\u00bb sticky_enabled=\u00bb0&#8243;]<p>\u00a1Hola, queridos seguidores de \u00ab<a href=\"https:\/\/cocinayreposteria.es\/\" target=\"_blank\" rel=\"noopener\">Cocina y Reposter\u00eda<\/a>\u00ab! Hoy os traigo una receta especial y muy querida en mi coraz\u00f3n: los Polvorones Tradicionales de Almendra. Estos dulces son un cl\u00e1sico en las mesas navide\u00f1as y, como siempre, os prometo que hacerlos en casa marca una gran diferencia en sabor y calidad.<\/p>\n<p>Acompa\u00f1adnos en este viaje culinario y descubrid c\u00f3mo preparar estos deliciosos polvorones.<\/p>[\/et_pb_text][et_pb_text _builder_version=\u00bb4.23.1&#8243; _module_preset=\u00bbdefault\u00bb header_2_font_size=\u00bb1.5vw\u00bb hover_enabled=\u00bb0&#8243; header_2_font_size_tablet=\u00bb4vw\u00bb header_2_font_size_phone=\u00bb7vw\u00bb header_2_font_size_last_edited=\u00bbon|tablet\u00bb header_2_line_height_tablet=\u00bb1.3em\u00bb header_2_line_height_phone=\u00bb1.4em\u00bb header_2_line_height_last_edited=\u00bbon|phone\u00bb locked=\u00bboff\u00bb global_colors_info=\u00bb{}\u00bb theme_builder_area=\u00bbpost_content\u00bb sticky_enabled=\u00bb0&#8243;]<h2><strong>Ingredientes polvorones y su Importancia en la Receta<\/strong><\/h2>[\/et_pb_text][et_pb_text _builder_version=\u00bb4.23.1&#8243; _module_preset=\u00bbdefault\u00bb text_text_color=\u00bb#000000&#8243; text_font_size=\u00bb0.9vw\u00bb text_line_height=\u00bb2em\u00bb hover_enabled=\u00bb0&#8243; text_font_size_tablet=\u00bb3vw\u00bb text_font_size_phone=\u00bb5vw\u00bb text_font_size_last_edited=\u00bbon|phone\u00bb text_line_height_tablet=\u00bb2em\u00bb text_line_height_phone=\u00bb2em\u00bb text_line_height_last_edited=\u00bbon|desktop\u00bb locked=\u00bboff\u00bb global_colors_info=\u00bb{}\u00bb theme_builder_area=\u00bbpost_content\u00bb sticky_enabled=\u00bb0&#8243;]<p>Para 4 personas, necesitaremos:<\/p>\n<table>\n<thead>\n<tr>\n<th>Ingrediente<\/th>\n<th>Cantidad<\/th>\n<th>Calor\u00edas (aprox.)<\/th>\n<th>Funci\u00f3n en la Receta<\/th>\n<\/tr>\n<\/thead>\n<tbody>\n<tr>\n<td>Harina de trigo<\/td>\n<td>250g<\/td>\n<td>920 kcal<\/td>\n<td>Base y estructura<\/td>\n<\/tr>\n<tr>\n<td>Manteca de cerdo<\/td>\n<td>125g<\/td>\n<td>1150 kcal<\/td>\n<td>Aporta textura y sabor<\/td>\n<\/tr>\n<tr>\n<td>Az\u00facar glas<\/td>\n<td>60g + extra para espolvorear<\/td>\n<td>240 kcal<\/td>\n<td>Dulzura y suavidad<\/td>\n<\/tr>\n<tr>\n<td>Almendras en polvo<\/td>\n<td>50g<\/td>\n<td>290 kcal<\/td>\n<td>Sabor y textura<\/td>\n<\/tr>\n<tr>\n<td>Almendras crudas con piel<\/td>\n<td>80g<\/td>\n<td>520 kcal<\/td>\n<td>Textura y sabor a almendra<\/td>\n<\/tr>\n<tr>\n<td>Sal<\/td>\n<td>Una pizca<\/td>\n<td>0 kcal<\/td>\n<td>Potencia los sabores<\/td>\n<\/tr>\n<tr>\n<td>Canela en polvo<\/td>\n<td>1\/2 cucharadita<\/td>\n<td>3 kcal<\/td>\n<td>Aroma y sabor especiado<\/td>\n<\/tr>\n<\/tbody>\n<\/table>[\/et_pb_text][et_pb_text _builder_version=\u00bb4.23.1&#8243; _module_preset=\u00bbdefault\u00bb header_2_font_size=\u00bb1.5vw\u00bb hover_enabled=\u00bb0&#8243; header_2_font_size_tablet=\u00bb4vw\u00bb header_2_font_size_phone=\u00bb7vw\u00bb header_2_font_size_last_edited=\u00bbon|tablet\u00bb header_2_line_height_tablet=\u00bb1.3em\u00bb header_2_line_height_phone=\u00bb1.4em\u00bb header_2_line_height_last_edited=\u00bbon|phone\u00bb locked=\u00bboff\u00bb global_colors_info=\u00bb{}\u00bb theme_builder_area=\u00bbpost_content\u00bb sticky_enabled=\u00bb0&#8243;]<h2><strong>Preparaci\u00f3n Paso a Paso Polvorones de Almendra\n<\/strong><\/h2>[\/et_pb_text][et_pb_text _builder_version=\u00bb4.23.1&#8243; _module_preset=\u00bbdefault\u00bb text_text_color=\u00bb#000000&#8243; text_font_size=\u00bb0.9vw\u00bb text_line_height=\u00bb2em\u00bb hover_enabled=\u00bb0&#8243; text_font_size_tablet=\u00bb3vw\u00bb text_font_size_phone=\u00bb5vw\u00bb text_font_size_last_edited=\u00bbon|phone\u00bb text_line_height_tablet=\u00bb2em\u00bb text_line_height_phone=\u00bb2em\u00bb text_line_height_last_edited=\u00bbon|desktop\u00bb locked=\u00bboff\u00bb global_colors_info=\u00bb{}\u00bb theme_builder_area=\u00bbpost_content\u00bb sticky_enabled=\u00bb0&#8243;]<p><strong>1. Tostar la Harina y las Almendras:<\/strong> Comenzamos tostando la harina en el horno a 180\u00b0C durante 15-18 minutos y las almendras en una sart\u00e9n a fuego medio. Esto aportar\u00e1 un sabor \u00fanico y una textura crujiente a nuestros polvorones.<\/p>\n<p><strong>2. Tamizar la Harina:<\/strong> Una vez tostada, rompemos la harina y la tamizamos para obtener una textura fina y suave.<\/p>\n<p><strong>3. Trocear las Almendras:<\/strong> Las almendras con piel se trocean en tres o cuatro partes, lo que a\u00f1adir\u00e1 un agradable crujido a cada bocado.<\/p>\n<p><strong>4. Mezclar los Ingredientes:<\/strong> En un bol, mezclamos la manteca de cerdo a temperatura ambiente con la harina tostada, la canela, la sal, el az\u00facar glas y la almendra molida tostada.<\/p>\n<p><strong>5. Amasar y Formar los Polvorones:<\/strong> Amasamos hasta obtener una masa compacta y a\u00f1adimos las almendras troceadas. Dividimos la masa en porciones de 50g y les damos forma.<\/p>\n<p><strong>6. Hornear:<\/strong> Precalentamos el horno a 200\u00b0C y horneamos los polvorones durante 12-15 minutos.<\/p>\n<p><strong>7. Enfriar y Decorar:<\/strong> Dejamos enfriar completamente y espolvoreamos con az\u00facar glas.<\/p>[\/et_pb_text][et_pb_text _builder_version=\u00bb4.23.1&#8243; _module_preset=\u00bbdefault\u00bb header_2_font_size=\u00bb1.5vw\u00bb hover_enabled=\u00bb0&#8243; header_2_font_size_tablet=\u00bb4vw\u00bb header_2_font_size_phone=\u00bb7vw\u00bb header_2_font_size_last_edited=\u00bbon|tablet\u00bb header_2_line_height_tablet=\u00bb1.3em\u00bb header_2_line_height_phone=\u00bb1.4em\u00bb header_2_line_height_last_edited=\u00bbon|phone\u00bb locked=\u00bboff\u00bb global_colors_info=\u00bb{}\u00bb theme_builder_area=\u00bbpost_content\u00bb sticky_enabled=\u00bb0&#8243;]<h2><strong>Tiempo de Elaboraci\u00f3n\n<\/strong><\/h2>[\/et_pb_text][et_pb_text _builder_version=\u00bb4.23.1&#8243; _module_preset=\u00bbdefault\u00bb text_text_color=\u00bb#000000&#8243; text_font_size=\u00bb0.9vw\u00bb text_line_height=\u00bb2em\u00bb hover_enabled=\u00bb0&#8243; text_font_size_tablet=\u00bb3vw\u00bb text_font_size_phone=\u00bb5vw\u00bb text_font_size_last_edited=\u00bbon|phone\u00bb text_line_height_tablet=\u00bb2em\u00bb text_line_height_phone=\u00bb2em\u00bb text_line_height_last_edited=\u00bbon|desktop\u00bb locked=\u00bboff\u00bb global_colors_info=\u00bb{}\u00bb theme_builder_area=\u00bbpost_content\u00bb sticky_enabled=\u00bb0&#8243;]<p>\u2022 Preparaci\u00f3n: 30 minutos<br \/>\u2022 Cocci\u00f3n: 15-18 minutos<br \/>\u2022 Enfriamiento: 1 hora<br \/>\u2022 Total: Aproximadamente 2 horas<\/p>[\/et_pb_text][et_pb_text _builder_version=\u00bb4.23.1&#8243; _module_preset=\u00bbdefault\u00bb header_2_font_size=\u00bb1.5vw\u00bb hover_enabled=\u00bb0&#8243; header_2_font_size_tablet=\u00bb4vw\u00bb header_2_font_size_phone=\u00bb7vw\u00bb header_2_font_size_last_edited=\u00bbon|tablet\u00bb header_2_line_height_tablet=\u00bb1.3em\u00bb header_2_line_height_phone=\u00bb1.4em\u00bb header_2_line_height_last_edited=\u00bbon|phone\u00bb locked=\u00bboff\u00bb global_colors_info=\u00bb{}\u00bb theme_builder_area=\u00bbpost_content\u00bb sticky_enabled=\u00bb0&#8243;]<h2><strong>Utensilios Esenciales para Hacer Polvorones: Disponibles en Cocina y Reposter\u00eda\n<\/strong><\/h2>[\/et_pb_text][et_pb_text _builder_version=\u00bb4.23.1&#8243; _module_preset=\u00bbdefault\u00bb text_text_color=\u00bb#000000&#8243; text_font_size=\u00bb0.9vw\u00bb text_line_height=\u00bb2em\u00bb hover_enabled=\u00bb0&#8243; text_font_size_tablet=\u00bb3vw\u00bb text_font_size_phone=\u00bb5vw\u00bb text_font_size_last_edited=\u00bbon|phone\u00bb text_line_height_tablet=\u00bb2em\u00bb text_line_height_phone=\u00bb2em\u00bb text_line_height_last_edited=\u00bbon|desktop\u00bb locked=\u00bboff\u00bb global_colors_info=\u00bb{}\u00bb theme_builder_area=\u00bbpost_content\u00bb sticky_enabled=\u00bb0&#8243;]<p>Os traemos una selecci\u00f3n especial de utensilios disponibles en nuestra tienda online \u00abCocina y Reposter\u00eda\u00bb, perfectos para elaborar esos deliciosos Polvorones Tradicionales de Almendra. Cada uno de estos utensilios no solo facilitar\u00e1 vuestra experiencia en la cocina, sino que tambi\u00e9n os asegurar\u00e1 resultados profesionales. \u00a1Vamos a descubrirlos!<\/p>\n<p><strong>1. Papel para Polvorones 1 kg\u00a0<\/strong><br \/>\u00bfQuer\u00e9is que vuestros polvorones luzcan tan incre\u00edbles como saben? Este papel especial para polvorones es esencial. No solo protege vuestros dulces, sino que tambi\u00e9n les da ese toque profesional y festivo.<a href=\"https:\/\/cocinayreposteria.es\/navidad\/6894-papel-para-polvorones-1-kg.html\" target=\"_blank\" rel=\"noopener\"> \u00a1Haz clic aqu\u00ed para comprar!<\/a><\/p>\n<p><strong>2. Cortador Redondo Ondulado Alto Especial Polvorones o Mantecados 6,5 cm di\u00e1metro<\/strong>\u00a0<br \/>Este cortador es perfecto para darle a vuestros polvorones esa forma redonda y ondulada tan caracter\u00edstica. Con un di\u00e1metro de 6,5 cm, es ideal para porciones generosas. <a href=\"https:\/\/cocinayreposteria.es\/cortadores\/8496-cortador-redondo-ondulado-65-cm-3075308449407.html\" target=\"_blank\" rel=\"noopener\">\u00a1Consigue el tuyo aqu\u00ed!<\/a><\/p>\n<p><strong>3. Cortador Redondo Ondulado Alto Especial Polvorones o Mantecados 5,5 cm di\u00e1metro\u00a0<\/strong><br \/>Si prefer\u00eds polvorones un poco m\u00e1s peque\u00f1os, este cortador de 5,5 cm es vuestra mejor opci\u00f3n. Garantiza uniformidad y precisi\u00f3n en cada corte. <a href=\"https:\/\/cocinayreposteria.es\/cortadores\/8497-cortador-redondo-ondulado-55-cm-3075308449308.html\" target=\"_blank\" rel=\"noopener\">\u00a1Adqui\u00e9relo aqu\u00ed!<\/a><\/p>\n<p><strong>4. Cortador Alto Ovalado para Polvorones y Mantecados<\/strong>\u00a0<br \/>Para aquellos que buscan una forma \u00fanica, este cortador ovalado es ideal. Aporta un toque distintivo a vuestros polvorones, diferenci\u00e1ndolos de los tradicionales. <a href=\"https:\/\/cocinayreposteria.es\/cortadores\/8498-cortador-redondo-ondulado-47-cm-3075308449209.html\" target=\"_blank\" rel=\"noopener\">\u00a1C\u00f3mpralo ahora!<\/a><\/p>\n<p>Cada uno de estos utensilios ha sido cuidadosamente seleccionado para garantizar que vuestra experiencia haciendo polvorones sea tan placentera como saborearlos. Recordad, la calidad de los utensilios es tan importante como la calidad de los ingredientes. \u00a1No esper\u00e9is m\u00e1s y haced clic en los enlaces para llevar vuestra reposter\u00eda navide\u00f1a al siguiente nivel!<\/p>[\/et_pb_text][et_pb_text _builder_version=\u00bb4.23.1&#8243; _module_preset=\u00bbdefault\u00bb header_2_font_size=\u00bb1.5vw\u00bb hover_enabled=\u00bb0&#8243; header_2_font_size_tablet=\u00bb4vw\u00bb header_2_font_size_phone=\u00bb7vw\u00bb header_2_font_size_last_edited=\u00bbon|tablet\u00bb header_2_line_height_tablet=\u00bb1.3em\u00bb header_2_line_height_phone=\u00bb1.4em\u00bb header_2_line_height_last_edited=\u00bbon|phone\u00bb locked=\u00bboff\u00bb global_colors_info=\u00bb{}\u00bb theme_builder_area=\u00bbpost_content\u00bb sticky_enabled=\u00bb0&#8243;]<h2><strong>Historia de la Receta Polvorones caseros<\/strong><\/h2>[\/et_pb_text][et_pb_text _builder_version=\u00bb4.23.1&#8243; _module_preset=\u00bbdefault\u00bb text_text_color=\u00bb#000000&#8243; text_font_size=\u00bb0.9vw\u00bb text_line_height=\u00bb2em\u00bb hover_enabled=\u00bb0&#8243; text_font_size_tablet=\u00bb3vw\u00bb text_font_size_phone=\u00bb5vw\u00bb text_font_size_last_edited=\u00bbon|phone\u00bb text_line_height_tablet=\u00bb2em\u00bb text_line_height_phone=\u00bb2em\u00bb text_line_height_last_edited=\u00bbon|desktop\u00bb locked=\u00bboff\u00bb global_colors_info=\u00bb{}\u00bb theme_builder_area=\u00bbpost_content\u00bb sticky_enabled=\u00bb0&#8243;]Los polvorones tienen su origen en Andaluc\u00eda, Espa\u00f1a, durante la \u00e9poca de la Reconquista. Se cree que su creaci\u00f3n fue una forma de utilizar el excedente de cereales y manteca de cerdo. Con el tiempo, se han convertido en un dulce t\u00edpico de la Navidad, disfrutado en muchas partes del mundo.[\/et_pb_text][et_pb_text _builder_version=\u00bb4.23.1&#8243; _module_preset=\u00bbdefault\u00bb header_2_font_size=\u00bb1.5vw\u00bb hover_enabled=\u00bb0&#8243; header_2_font_size_tablet=\u00bb4vw\u00bb header_2_font_size_phone=\u00bb7vw\u00bb header_2_font_size_last_edited=\u00bbon|tablet\u00bb header_2_line_height_tablet=\u00bb1.3em\u00bb header_2_line_height_phone=\u00bb1.4em\u00bb header_2_line_height_last_edited=\u00bbon|phone\u00bb locked=\u00bboff\u00bb global_colors_info=\u00bb{}\u00bb theme_builder_area=\u00bbpost_content\u00bb sticky_enabled=\u00bb0&#8243;]<h2><strong>Preguntas Frecuentes<\/strong><\/h2>[\/et_pb_text][et_pb_text _builder_version=\u00bb4.23.1&#8243; _module_preset=\u00bbdefault\u00bb text_text_color=\u00bb#000000&#8243; text_font_size=\u00bb0.9vw\u00bb text_line_height=\u00bb2em\u00bb hover_enabled=\u00bb0&#8243; text_font_size_tablet=\u00bb3vw\u00bb text_font_size_phone=\u00bb5vw\u00bb text_font_size_last_edited=\u00bbon|phone\u00bb text_line_height_tablet=\u00bb2em\u00bb text_line_height_phone=\u00bb2em\u00bb text_line_height_last_edited=\u00bbon|desktop\u00bb locked=\u00bboff\u00bb global_colors_info=\u00bb{}\u00bb theme_builder_area=\u00bbpost_content\u00bb sticky_enabled=\u00bb0&#8243;]<p><strong>\u00bfPuedo sustituir la manteca de cerdo?<\/strong><br \/>S\u00ed, aunque la manteca de cerdo es tradicional, puedes usar mantequilla, pero el sabor y la textura cambiar\u00e1n ligeramente.<\/p>\n<p><strong>\u00bfC\u00f3mo conservo los polvorones?<\/strong><br \/>Gu\u00e1rdalos en un recipiente herm\u00e9tico a temperatura ambiente. Se mantendr\u00e1n frescos durante varias semanas.<\/p>\n<p><strong>\u00bfPuedo a\u00f1adir otros ingredientes?<\/strong><br \/>Claro, puedes experimentar a\u00f1adiendo ralladura de lim\u00f3n, naranja o incluso chocolate.<\/p>[\/et_pb_text][et_pb_text _builder_version=\u00bb4.23.1&#8243; _module_preset=\u00bbdefault\u00bb text_text_color=\u00bb#000000&#8243; text_font_size=\u00bb0.9vw\u00bb text_line_height=\u00bb2em\u00bb hover_enabled=\u00bb0&#8243; text_font_size_tablet=\u00bb3vw\u00bb text_font_size_phone=\u00bb5vw\u00bb text_font_size_last_edited=\u00bbon|phone\u00bb text_line_height_tablet=\u00bb2em\u00bb text_line_height_phone=\u00bb2em\u00bb text_line_height_last_edited=\u00bbon|desktop\u00bb locked=\u00bboff\u00bb global_colors_info=\u00bb{}\u00bb theme_builder_area=\u00bbpost_content\u00bb sticky_enabled=\u00bb0&#8243;]Espero que disfrut\u00e9is haciendo y saboreando estos deliciosos polvorones de almendra. Son el regalo perfecto para estas fiestas y una excelente manera de compartir tradiciones culinarias. \n\n\u00a1Feliz reposter\u00eda y felices fiestas!\n\n[\/et_pb_text][\/et_pb_column][\/et_pb_row][\/et_pb_section]\n","protected":false},"excerpt":{"rendered":"<p>\u00a1Hola, queridos seguidores de \u00abCocina y Reposter\u00eda\u00bb! Hoy os traigo una receta especial y muy querida en mi coraz\u00f3n: los Polvorones Tradicionales de Almendra. Estos dulces son un cl\u00e1sico en las mesas navide\u00f1as y, como siempre, os prometo que hacerlos en casa marca una gran diferencia en sabor y calidad. Acompa\u00f1adnos en este viaje culinario [&hellip;]<\/p>\n","protected":false},"author":232,"featured_media":999,"comment_status":"open","ping_status":"closed","sticky":false,"template":"","format":"standard","meta":{"_et_pb_use_builder":"on","_et_pb_old_content":"","_et_gb_content_width":"","footnotes":""},"categories":[8],"tags":[],"class_list":["post-998","post","type-post","status-publish","format-standard","has-post-thumbnail","hentry","category-recetas-de-reposteria"],"yoast_head":"<!-- This site is optimized with the Yoast SEO plugin v26.7 - https:\/\/yoast.com\/wordpress\/plugins\/seo\/ -->\n<title>Receta de polvorones de almendra caseros: Una delicia navide\u00f1a | Blog Cocina y Reposteria<\/title>\n<meta name=\"description\" content=\"\u00a1Os dejamos la receta de los polvorones de almendra caseros, paso a paso, y realmente f\u00e1cil de hacer para estas navidades!\" \/>\n<meta name=\"robots\" content=\"index, follow, max-snippet:-1, max-image-preview:large, max-video-preview:-1\" \/>\n<link rel=\"canonical\" href=\"https:\/\/cocinayreposteria.es\/blog\/receta-de-polvorones-de-almendra-caseros\/\" \/>\n<meta property=\"og:locale\" content=\"es_ES\" \/>\n<meta property=\"og:type\" content=\"article\" \/>\n<meta property=\"og:title\" content=\"Receta de polvorones de almendra caseros: Una delicia navide\u00f1a | Blog Cocina y Reposteria\" \/>\n<meta property=\"og:description\" content=\"\u00a1Os dejamos la receta de los polvorones de almendra caseros, paso a paso, y realmente f\u00e1cil de hacer para estas navidades!\" \/>\n<meta property=\"og:url\" content=\"https:\/\/cocinayreposteria.es\/blog\/receta-de-polvorones-de-almendra-caseros\/\" \/>\n<meta property=\"og:site_name\" content=\"Blog Cocina y Reposteria\" \/>\n<meta property=\"article:publisher\" content=\"https:\/\/www.facebook.com\/cocinayreposteria\/\" \/>\n<meta property=\"article:published_time\" content=\"2023-12-20T09:56:49+00:00\" \/>\n<meta property=\"article:modified_time\" content=\"2024-01-25T11:29:51+00:00\" \/>\n<meta property=\"og:image\" content=\"https:\/\/cocinayreposteria.es\/blog\/wp-content\/uploads\/2023\/12\/polvores-de-almendra.jpg\" \/>\n\t<meta property=\"og:image:width\" content=\"2000\" \/>\n\t<meta property=\"og:image:height\" content=\"1333\" \/>\n\t<meta property=\"og:image:type\" content=\"image\/jpeg\" \/>\n<meta name=\"author\" content=\"cocinayreposteria\" \/>\n<meta name=\"twitter:card\" content=\"summary_large_image\" \/>\n<meta name=\"twitter:label1\" content=\"Escrito por\" \/>\n\t<meta name=\"twitter:data1\" content=\"cocinayreposteria\" \/>\n\t<meta name=\"twitter:label2\" content=\"Tiempo de lectura\" \/>\n\t<meta name=\"twitter:data2\" content=\"5 minutos\" \/>\n<script type=\"application\/ld+json\" class=\"yoast-schema-graph\">{\"@context\":\"https:\/\/schema.org\",\"@graph\":[{\"@type\":\"Article\",\"@id\":\"https:\/\/cocinayreposteria.es\/blog\/receta-de-polvorones-de-almendra-caseros\/#article\",\"isPartOf\":{\"@id\":\"https:\/\/cocinayreposteria.es\/blog\/receta-de-polvorones-de-almendra-caseros\/\"},\"author\":{\"name\":\"cocinayreposteria\",\"@id\":\"https:\/\/cocinayreposteria.es\/blog\/#\/schema\/person\/7dcda7f79a76367443c23be7cd32254f\"},\"headline\":\"Receta de polvorones de almendra caseros: Una delicia navide\u00f1a\",\"datePublished\":\"2023-12-20T09:56:49+00:00\",\"dateModified\":\"2024-01-25T11:29:51+00:00\",\"mainEntityOfPage\":{\"@id\":\"https:\/\/cocinayreposteria.es\/blog\/receta-de-polvorones-de-almendra-caseros\/\"},\"wordCount\":1809,\"commentCount\":0,\"publisher\":{\"@id\":\"https:\/\/cocinayreposteria.es\/blog\/#organization\"},\"image\":{\"@id\":\"https:\/\/cocinayreposteria.es\/blog\/receta-de-polvorones-de-almendra-caseros\/#primaryimage\"},\"thumbnailUrl\":\"https:\/\/cocinayreposteria.es\/blog\/wp-content\/uploads\/2023\/12\/polvores-de-almendra.jpg\",\"articleSection\":[\"Recetas de reposter\u00eda\"],\"inLanguage\":\"es\",\"potentialAction\":[{\"@type\":\"CommentAction\",\"name\":\"Comment\",\"target\":[\"https:\/\/cocinayreposteria.es\/blog\/receta-de-polvorones-de-almendra-caseros\/#respond\"]}]},{\"@type\":\"WebPage\",\"@id\":\"https:\/\/cocinayreposteria.es\/blog\/receta-de-polvorones-de-almendra-caseros\/\",\"url\":\"https:\/\/cocinayreposteria.es\/blog\/receta-de-polvorones-de-almendra-caseros\/\",\"name\":\"Receta de polvorones de almendra caseros: Una delicia navide\u00f1a | Blog Cocina y Reposteria\",\"isPartOf\":{\"@id\":\"https:\/\/cocinayreposteria.es\/blog\/#website\"},\"primaryImageOfPage\":{\"@id\":\"https:\/\/cocinayreposteria.es\/blog\/receta-de-polvorones-de-almendra-caseros\/#primaryimage\"},\"image\":{\"@id\":\"https:\/\/cocinayreposteria.es\/blog\/receta-de-polvorones-de-almendra-caseros\/#primaryimage\"},\"thumbnailUrl\":\"https:\/\/cocinayreposteria.es\/blog\/wp-content\/uploads\/2023\/12\/polvores-de-almendra.jpg\",\"datePublished\":\"2023-12-20T09:56:49+00:00\",\"dateModified\":\"2024-01-25T11:29:51+00:00\",\"description\":\"\u00a1Os dejamos la receta de los polvorones de almendra caseros, paso a paso, y realmente f\u00e1cil de hacer para estas navidades!\",\"breadcrumb\":{\"@id\":\"https:\/\/cocinayreposteria.es\/blog\/receta-de-polvorones-de-almendra-caseros\/#breadcrumb\"},\"inLanguage\":\"es\",\"potentialAction\":[{\"@type\":\"ReadAction\",\"target\":[\"https:\/\/cocinayreposteria.es\/blog\/receta-de-polvorones-de-almendra-caseros\/\"]}]},{\"@type\":\"ImageObject\",\"inLanguage\":\"es\",\"@id\":\"https:\/\/cocinayreposteria.es\/blog\/receta-de-polvorones-de-almendra-caseros\/#primaryimage\",\"url\":\"https:\/\/cocinayreposteria.es\/blog\/wp-content\/uploads\/2023\/12\/polvores-de-almendra.jpg\",\"contentUrl\":\"https:\/\/cocinayreposteria.es\/blog\/wp-content\/uploads\/2023\/12\/polvores-de-almendra.jpg\",\"width\":2000,\"height\":1333,\"caption\":\"polvorones de almendra\"},{\"@type\":\"BreadcrumbList\",\"@id\":\"https:\/\/cocinayreposteria.es\/blog\/receta-de-polvorones-de-almendra-caseros\/#breadcrumb\",\"itemListElement\":[{\"@type\":\"ListItem\",\"position\":1,\"name\":\"Portada\",\"item\":\"https:\/\/cocinayreposteria.es\/blog\/\"},{\"@type\":\"ListItem\",\"position\":2,\"name\":\"Receta de polvorones de almendra caseros: Una delicia navide\u00f1a\"}]},{\"@type\":\"WebSite\",\"@id\":\"https:\/\/cocinayreposteria.es\/blog\/#website\",\"url\":\"https:\/\/cocinayreposteria.es\/blog\/\",\"name\":\"Blog Cocina y Reposteria\",\"description\":\"Tienda online de art\u00edculos para reposter\u00eda y fiestas\",\"publisher\":{\"@id\":\"https:\/\/cocinayreposteria.es\/blog\/#organization\"},\"potentialAction\":[{\"@type\":\"SearchAction\",\"target\":{\"@type\":\"EntryPoint\",\"urlTemplate\":\"https:\/\/cocinayreposteria.es\/blog\/?s={search_term_string}\"},\"query-input\":{\"@type\":\"PropertyValueSpecification\",\"valueRequired\":true,\"valueName\":\"search_term_string\"}}],\"inLanguage\":\"es\"},{\"@type\":\"Organization\",\"@id\":\"https:\/\/cocinayreposteria.es\/blog\/#organization\",\"name\":\"COCINA Y REPOSTERIA\",\"url\":\"https:\/\/cocinayreposteria.es\/blog\/\",\"logo\":{\"@type\":\"ImageObject\",\"inLanguage\":\"es\",\"@id\":\"https:\/\/cocinayreposteria.es\/blog\/#\/schema\/logo\/image\/\",\"url\":\"https:\/\/cocinayreposteria.es\/blog\/wp-content\/uploads\/2018\/12\/BANER-COCINA.png\",\"contentUrl\":\"https:\/\/cocinayreposteria.es\/blog\/wp-content\/uploads\/2018\/12\/BANER-COCINA.png\",\"width\":350,\"height\":350,\"caption\":\"COCINA Y REPOSTERIA\"},\"image\":{\"@id\":\"https:\/\/cocinayreposteria.es\/blog\/#\/schema\/logo\/image\/\"},\"sameAs\":[\"https:\/\/www.facebook.com\/cocinayreposteria\/\"]},{\"@type\":\"Person\",\"@id\":\"https:\/\/cocinayreposteria.es\/blog\/#\/schema\/person\/7dcda7f79a76367443c23be7cd32254f\",\"name\":\"cocinayreposteria\",\"image\":{\"@type\":\"ImageObject\",\"inLanguage\":\"es\",\"@id\":\"https:\/\/cocinayreposteria.es\/blog\/#\/schema\/person\/image\/\",\"url\":\"https:\/\/secure.gravatar.com\/avatar\/e0cdc8c27c434a326e6bcb3735676b451106c95b2fdb8bbd26cb6e3a4c3967da?s=96&d=mm&r=g\",\"contentUrl\":\"https:\/\/secure.gravatar.com\/avatar\/e0cdc8c27c434a326e6bcb3735676b451106c95b2fdb8bbd26cb6e3a4c3967da?s=96&d=mm&r=g\",\"caption\":\"cocinayreposteria\"}}]}<\/script>\n<!-- \/ Yoast SEO plugin. -->","yoast_head_json":{"title":"Receta de polvorones de almendra caseros: Una delicia navide\u00f1a | Blog Cocina y Reposteria","description":"\u00a1Os dejamos la receta de los polvorones de almendra caseros, paso a paso, y realmente f\u00e1cil de hacer para estas navidades!","robots":{"index":"index","follow":"follow","max-snippet":"max-snippet:-1","max-image-preview":"max-image-preview:large","max-video-preview":"max-video-preview:-1"},"canonical":"https:\/\/cocinayreposteria.es\/blog\/receta-de-polvorones-de-almendra-caseros\/","og_locale":"es_ES","og_type":"article","og_title":"Receta de polvorones de almendra caseros: Una delicia navide\u00f1a | Blog Cocina y Reposteria","og_description":"\u00a1Os dejamos la receta de los polvorones de almendra caseros, paso a paso, y realmente f\u00e1cil de hacer para estas navidades!","og_url":"https:\/\/cocinayreposteria.es\/blog\/receta-de-polvorones-de-almendra-caseros\/","og_site_name":"Blog Cocina y Reposteria","article_publisher":"https:\/\/www.facebook.com\/cocinayreposteria\/","article_published_time":"2023-12-20T09:56:49+00:00","article_modified_time":"2024-01-25T11:29:51+00:00","og_image":[{"width":2000,"height":1333,"url":"https:\/\/cocinayreposteria.es\/blog\/wp-content\/uploads\/2023\/12\/polvores-de-almendra.jpg","type":"image\/jpeg"}],"author":"cocinayreposteria","twitter_card":"summary_large_image","twitter_misc":{"Escrito por":"cocinayreposteria","Tiempo de lectura":"5 minutos"},"schema":{"@context":"https:\/\/schema.org","@graph":[{"@type":"Article","@id":"https:\/\/cocinayreposteria.es\/blog\/receta-de-polvorones-de-almendra-caseros\/#article","isPartOf":{"@id":"https:\/\/cocinayreposteria.es\/blog\/receta-de-polvorones-de-almendra-caseros\/"},"author":{"name":"cocinayreposteria","@id":"https:\/\/cocinayreposteria.es\/blog\/#\/schema\/person\/7dcda7f79a76367443c23be7cd32254f"},"headline":"Receta de polvorones de almendra caseros: Una delicia navide\u00f1a","datePublished":"2023-12-20T09:56:49+00:00","dateModified":"2024-01-25T11:29:51+00:00","mainEntityOfPage":{"@id":"https:\/\/cocinayreposteria.es\/blog\/receta-de-polvorones-de-almendra-caseros\/"},"wordCount":1809,"commentCount":0,"publisher":{"@id":"https:\/\/cocinayreposteria.es\/blog\/#organization"},"image":{"@id":"https:\/\/cocinayreposteria.es\/blog\/receta-de-polvorones-de-almendra-caseros\/#primaryimage"},"thumbnailUrl":"https:\/\/cocinayreposteria.es\/blog\/wp-content\/uploads\/2023\/12\/polvores-de-almendra.jpg","articleSection":["Recetas de reposter\u00eda"],"inLanguage":"es","potentialAction":[{"@type":"CommentAction","name":"Comment","target":["https:\/\/cocinayreposteria.es\/blog\/receta-de-polvorones-de-almendra-caseros\/#respond"]}]},{"@type":"WebPage","@id":"https:\/\/cocinayreposteria.es\/blog\/receta-de-polvorones-de-almendra-caseros\/","url":"https:\/\/cocinayreposteria.es\/blog\/receta-de-polvorones-de-almendra-caseros\/","name":"Receta de polvorones de almendra caseros: Una delicia navide\u00f1a | Blog Cocina y Reposteria","isPartOf":{"@id":"https:\/\/cocinayreposteria.es\/blog\/#website"},"primaryImageOfPage":{"@id":"https:\/\/cocinayreposteria.es\/blog\/receta-de-polvorones-de-almendra-caseros\/#primaryimage"},"image":{"@id":"https:\/\/cocinayreposteria.es\/blog\/receta-de-polvorones-de-almendra-caseros\/#primaryimage"},"thumbnailUrl":"https:\/\/cocinayreposteria.es\/blog\/wp-content\/uploads\/2023\/12\/polvores-de-almendra.jpg","datePublished":"2023-12-20T09:56:49+00:00","dateModified":"2024-01-25T11:29:51+00:00","description":"\u00a1Os dejamos la receta de los polvorones de almendra caseros, paso a paso, y realmente f\u00e1cil de hacer para estas navidades!","breadcrumb":{"@id":"https:\/\/cocinayreposteria.es\/blog\/receta-de-polvorones-de-almendra-caseros\/#breadcrumb"},"inLanguage":"es","potentialAction":[{"@type":"ReadAction","target":["https:\/\/cocinayreposteria.es\/blog\/receta-de-polvorones-de-almendra-caseros\/"]}]},{"@type":"ImageObject","inLanguage":"es","@id":"https:\/\/cocinayreposteria.es\/blog\/receta-de-polvorones-de-almendra-caseros\/#primaryimage","url":"https:\/\/cocinayreposteria.es\/blog\/wp-content\/uploads\/2023\/12\/polvores-de-almendra.jpg","contentUrl":"https:\/\/cocinayreposteria.es\/blog\/wp-content\/uploads\/2023\/12\/polvores-de-almendra.jpg","width":2000,"height":1333,"caption":"polvorones de almendra"},{"@type":"BreadcrumbList","@id":"https:\/\/cocinayreposteria.es\/blog\/receta-de-polvorones-de-almendra-caseros\/#breadcrumb","itemListElement":[{"@type":"ListItem","position":1,"name":"Portada","item":"https:\/\/cocinayreposteria.es\/blog\/"},{"@type":"ListItem","position":2,"name":"Receta de polvorones de almendra caseros: Una delicia navide\u00f1a"}]},{"@type":"WebSite","@id":"https:\/\/cocinayreposteria.es\/blog\/#website","url":"https:\/\/cocinayreposteria.es\/blog\/","name":"Blog Cocina y Reposteria","description":"Tienda online de art\u00edculos para reposter\u00eda y fiestas","publisher":{"@id":"https:\/\/cocinayreposteria.es\/blog\/#organization"},"potentialAction":[{"@type":"SearchAction","target":{"@type":"EntryPoint","urlTemplate":"https:\/\/cocinayreposteria.es\/blog\/?s={search_term_string}"},"query-input":{"@type":"PropertyValueSpecification","valueRequired":true,"valueName":"search_term_string"}}],"inLanguage":"es"},{"@type":"Organization","@id":"https:\/\/cocinayreposteria.es\/blog\/#organization","name":"COCINA Y REPOSTERIA","url":"https:\/\/cocinayreposteria.es\/blog\/","logo":{"@type":"ImageObject","inLanguage":"es","@id":"https:\/\/cocinayreposteria.es\/blog\/#\/schema\/logo\/image\/","url":"https:\/\/cocinayreposteria.es\/blog\/wp-content\/uploads\/2018\/12\/BANER-COCINA.png","contentUrl":"https:\/\/cocinayreposteria.es\/blog\/wp-content\/uploads\/2018\/12\/BANER-COCINA.png","width":350,"height":350,"caption":"COCINA Y REPOSTERIA"},"image":{"@id":"https:\/\/cocinayreposteria.es\/blog\/#\/schema\/logo\/image\/"},"sameAs":["https:\/\/www.facebook.com\/cocinayreposteria\/"]},{"@type":"Person","@id":"https:\/\/cocinayreposteria.es\/blog\/#\/schema\/person\/7dcda7f79a76367443c23be7cd32254f","name":"cocinayreposteria","image":{"@type":"ImageObject","inLanguage":"es","@id":"https:\/\/cocinayreposteria.es\/blog\/#\/schema\/person\/image\/","url":"https:\/\/secure.gravatar.com\/avatar\/e0cdc8c27c434a326e6bcb3735676b451106c95b2fdb8bbd26cb6e3a4c3967da?s=96&d=mm&r=g","contentUrl":"https:\/\/secure.gravatar.com\/avatar\/e0cdc8c27c434a326e6bcb3735676b451106c95b2fdb8bbd26cb6e3a4c3967da?s=96&d=mm&r=g","caption":"cocinayreposteria"}}]}},"_links":{"self":[{"href":"https:\/\/cocinayreposteria.es\/blog\/wp-json\/wp\/v2\/posts\/998","targetHints":{"allow":["GET"]}}],"collection":[{"href":"https:\/\/cocinayreposteria.es\/blog\/wp-json\/wp\/v2\/posts"}],"about":[{"href":"https:\/\/cocinayreposteria.es\/blog\/wp-json\/wp\/v2\/types\/post"}],"author":[{"embeddable":true,"href":"https:\/\/cocinayreposteria.es\/blog\/wp-json\/wp\/v2\/users\/232"}],"replies":[{"embeddable":true,"href":"https:\/\/cocinayreposteria.es\/blog\/wp-json\/wp\/v2\/comments?post=998"}],"version-history":[{"count":3,"href":"https:\/\/cocinayreposteria.es\/blog\/wp-json\/wp\/v2\/posts\/998\/revisions"}],"predecessor-version":[{"id":1003,"href":"https:\/\/cocinayreposteria.es\/blog\/wp-json\/wp\/v2\/posts\/998\/revisions\/1003"}],"wp:featuredmedia":[{"embeddable":true,"href":"https:\/\/cocinayreposteria.es\/blog\/wp-json\/wp\/v2\/media\/999"}],"wp:attachment":[{"href":"https:\/\/cocinayreposteria.es\/blog\/wp-json\/wp\/v2\/media?parent=998"}],"wp:term":[{"taxonomy":"category","embeddable":true,"href":"https:\/\/cocinayreposteria.es\/blog\/wp-json\/wp\/v2\/categories?post=998"},{"taxonomy":"post_tag","embeddable":true,"href":"https:\/\/cocinayreposteria.es\/blog\/wp-json\/wp\/v2\/tags?post=998"}],"curies":[{"name":"wp","href":"https:\/\/api.w.org\/{rel}","templated":true}]}}